{"id":16984,"date":"2024-10-23T06:33:11","date_gmt":"2024-10-23T06:33:11","guid":{"rendered":"https:\/\/www.iamslip.com\/?p=16984"},"modified":"2024-10-23T06:34:29","modified_gmt":"2024-10-23T06:34:29","slug":"slip-a-la-tele","status":"publish","type":"post","link":"https:\/\/www.iamslip.com\/?p=16984","title":{"rendered":"SLip \u00e0 la t\u00e9l\u00e9"},"content":{"rendered":"\n<figure class=\"wp-block-image size-full\"><img decoding=\"async\" width=\"635\" height=\"357\" src=\"https:\/\/www.iamslip.com\/wp-content\/uploads\/2024\/10\/GajfttgXwAAp9xj.png\" alt=\"\" class=\"wp-image-16985\" srcset=\"https:\/\/www.iamslip.com\/wp-content\/uploads\/2024\/10\/GajfttgXwAAp9xj.png 635w, https:\/\/www.iamslip.com\/wp-content\/uploads\/2024\/10\/GajfttgXwAAp9xj-300x169.png 300w\" sizes=\"(max-width: 635px) 100vw, 635px\" \/><\/figure>\n\n\n\n<h3 class=\"wp-block-heading\">Les \u00e9l\u00e8ves \u00e0 la d\u00e9couverte de l&rsquo;exposition SLip au Ch\u00e2teau de Flers avec France 3 Normandie \ud83c\udfa8\ud83d\udc40<\/h3>\n\n\n\n<p class=\"wp-block-paragraph\">R\u00e9cemment, une classe \u00e9l\u00e9mentaire a eu la chance de visiter le Mus\u00e9e du Ch\u00e2teau de Flers pour d\u00e9couvrir l&rsquo;exposition de SLip, l&rsquo;artiste aux collages audacieux. France 3 Normandie \u00e9tait sur place pour capturer cette rencontre interg\u00e9n\u00e9rationnelle unique. \u00c0 travers les yeux curieux des enfants, l&rsquo;art et l&rsquo;histoire se sont m\u00e9lang\u00e9s pour cr\u00e9er un moment \u00e0 la fois ludique et enrichissant.<\/p>\n\n\n\n<p class=\"wp-block-paragraph\">Dans ce reportage, vous pouvez suivre la visite guid\u00e9e, \u00e9couter les impressions des jeunes \u00e9l\u00e8ves et plonger dans l&rsquo;univers d\u00e9cal\u00e9 et critique de SLip. L&rsquo;occasion parfaite de comprendre comment l&rsquo;art contemporain peut inspirer et questionner toutes les g\u00e9n\u00e9rations !<\/p>\n\n\n\n<p class=\"wp-block-paragraph\">\ud83c\udfa5 <strong>D\u00e9couvrez la vid\u00e9o ici<\/strong> : <a href=\"https:\/\/france3-regions.francetvinfo.fr\/normandie\/programmes\/france-3_normandie_ici-19-20-normandie-caen?id=6613865\" title=\"\">https:\/\/france3-regions.francetvinfo.fr\/normandie\/programmes\/france-3_normandie_ici-19-20-normandie-caen?id=6613865<\/a><\/p>\n\n\n\n<p class=\"wp-block-paragraph\">Une belle opportunit\u00e9 de red\u00e9couvrir l&rsquo;expo avant sa cl\u00f4ture \u00e0 travers une perspective jeune et pleine de fra\u00eecheur ! \ud83d\udca5<\/p>\n\n\n\n<p class=\"wp-block-paragraph\">#ExpoSLip #ArtContemporain #France3Normandie #Flers #Collage #Culture<\/p>\n","protected":false},"excerpt":{"rendered":"<p>Les \u00e9l\u00e8ves \u00e0 la d\u00e9couverte de l&rsquo;exposition SLip au Ch\u00e2teau de Flers avec France 3 Normandie \ud83c\udfa8\ud83d\udc40 R\u00e9cemment, une classe \u00e9l\u00e9mentaire a eu la chance de visiter le Mus\u00e9e du Ch\u00e2teau de Flers pour d\u00e9couvrir l&rsquo;exposition de SLip, l&rsquo;artiste aux collages audacieux. France 3 Normandie \u00e9tait sur place pour capturer cette rencontre interg\u00e9n\u00e9rationnelle unique. \u00c0 [&hellip;]<\/p>\n","protected":false},"author":2,"featured_media":16985,"comment_status":"closed","ping_status":"open","sticky":false,"template":"","format":"standard","meta":{"_crdt_document":"","_uag_custom_page_level_css":"","_swt_meta_header_display":false,"_swt_meta_footer_display":false,"_swt_meta_site_title_display":false,"_swt_meta_sticky_header":false,"_swt_meta_transparent_header":false,"footnotes":""},"categories":[7],"tags":[4282,2665,1034,4119,402,4837,4838],"class_list":["post-16984","post","type-post","status-publish","format-standard","has-post-thumbnail","hentry","category-presse","tag-chateau","tag-classe","tag-decouverte","tag-doubledouble","tag-exposition","tag-france3","tag-normandie"],"jetpack_featured_media_url":"https:\/\/www.iamslip.com\/wp-content\/uploads\/2024\/10\/GajfttgXwAAp9xj.png","uagb_featured_image_src":{"full":["https:\/\/www.iamslip.com\/wp-content\/uploads\/2024\/10\/GajfttgXwAAp9xj.png",635,357,false],"thumbnail":["https:\/\/www.iamslip.com\/wp-content\/uploads\/2024\/10\/GajfttgXwAAp9xj-150x150.png",150,150,true],"medium":["https:\/\/www.iamslip.com\/wp-content\/uploads\/2024\/10\/GajfttgXwAAp9xj-300x169.png",300,169,true],"medium_large":["https:\/\/www.iamslip.com\/wp-content\/uploads\/2024\/10\/GajfttgXwAAp9xj.png",635,357,false],"large":["https:\/\/www.iamslip.com\/wp-content\/uploads\/2024\/10\/GajfttgXwAAp9xj.png",635,357,false],"1536x1536":["https:\/\/www.iamslip.com\/wp-content\/uploads\/2024\/10\/GajfttgXwAAp9xj.png",635,357,false],"2048x2048":["https:\/\/www.iamslip.com\/wp-content\/uploads\/2024\/10\/GajfttgXwAAp9xj.png",635,357,false],"woocommerce_thumbnail":["https:\/\/www.iamslip.com\/wp-content\/uploads\/2024\/10\/GajfttgXwAAp9xj-300x300.png",300,300,true],"woocommerce_single":["https:\/\/www.iamslip.com\/wp-content\/uploads\/2024\/10\/GajfttgXwAAp9xj.png",600,337,false],"woocommerce_gallery_thumbnail":["https:\/\/www.iamslip.com\/wp-content\/uploads\/2024\/10\/GajfttgXwAAp9xj-100x100.png",100,100,true]},"uagb_author_info":{"display_name":"slip","author_link":"https:\/\/www.iamslip.com\/?author=2"},"uagb_comment_info":0,"uagb_excerpt":"Les \u00e9l\u00e8ves \u00e0 la d\u00e9couverte de l&rsquo;exposition SLip au Ch\u00e2teau de Flers avec France 3 Normandie \ud83c\udfa8\ud83d\udc40 R\u00e9cemment, une classe \u00e9l\u00e9mentaire a eu la chance de visiter le Mus\u00e9e du Ch\u00e2teau de Flers pour d\u00e9couvrir l&rsquo;exposition de SLip, l&rsquo;artiste aux collages audacieux. France 3 Normandie \u00e9tait sur place pour capturer cette rencontre interg\u00e9n\u00e9rationnelle unique. \u00c0\u2026","_links":{"self":[{"href":"https:\/\/www.iamslip.com\/index.php?rest_route=\/wp\/v2\/posts\/16984","targetHints":{"allow":["GET"]}}],"collection":[{"href":"https:\/\/www.iamslip.com\/index.php?rest_route=\/wp\/v2\/posts"}],"about":[{"href":"https:\/\/www.iamslip.com\/index.php?rest_route=\/wp\/v2\/types\/post"}],"author":[{"embeddable":true,"href":"https:\/\/www.iamslip.com\/index.php?rest_route=\/wp\/v2\/users\/2"}],"replies":[{"embeddable":true,"href":"https:\/\/www.iamslip.com\/index.php?rest_route=%2Fwp%2Fv2%2Fcomments&post=16984"}],"version-history":[{"count":1,"href":"https:\/\/www.iamslip.com\/index.php?rest_route=\/wp\/v2\/posts\/16984\/revisions"}],"predecessor-version":[{"id":16986,"href":"https:\/\/www.iamslip.com\/index.php?rest_route=\/wp\/v2\/posts\/16984\/revisions\/16986"}],"wp:featuredmedia":[{"embeddable":true,"href":"https:\/\/www.iamslip.com\/index.php?rest_route=\/wp\/v2\/media\/16985"}],"wp:attachment":[{"href":"https:\/\/www.iamslip.com\/index.php?rest_route=%2Fwp%2Fv2%2Fmedia&parent=16984"}],"wp:term":[{"taxonomy":"category","embeddable":true,"href":"https:\/\/www.iamslip.com\/index.php?rest_route=%2Fwp%2Fv2%2Fcategories&post=16984"},{"taxonomy":"post_tag","embeddable":true,"href":"https:\/\/www.iamslip.com\/index.php?rest_route=%2Fwp%2Fv2%2Ftags&post=16984"}],"curies":[{"name":"wp","href":"https:\/\/api.w.org\/{rel}","templated":true}]}}